{"id":9478,"date":"2020-05-18T19:18:44","date_gmt":"2020-05-18T22:18:44","guid":{"rendered":"http:\/\/www.eam.iua.edu.ar\/eam\/?p=9478"},"modified":"2020-05-18T20:41:10","modified_gmt":"2020-05-18T23:41:10","slug":"entrega-de-distintivos-y-panuelos-a-oficiales-cursantes-del-cepac-2020","status":"publish","type":"post","link":"http:\/\/www.eam.iua.edu.ar\/eam\/entrega-de-distintivos-y-panuelos-a-oficiales-cursantes-del-cepac-2020\/","title":{"rendered":"Entrega de distintivos y pa\u00f1uelos a Oficiales cursantes del CEPAC \u2013 2020"},"content":{"rendered":"<p>[vc_row][vc_column][vc_column_text el_class=\u00bbpublicaciones\u00bb]El viernes 15 de mayo se realiz\u00f3 en la plataforma del Grupo A\u00e9reo de la E.A.M., la ceremonia de entrega de distintivos, diplomas y pa\u00f1uelos a Oficiales cursantes del CEPAC (Curso de Estandarizaci\u00f3n de Procedimientos para Aviadores de Combate) que superaron las primeras exigencias del curso y mostraron tener aptitudes necesarias para ser acreedores de los mismos.<\/p>\n<p>El acto fue presidido por el Director de la <a href=\"http:\/\/www.eam.iua.edu.ar\/eam\/mision-y-autoridades\/\" target=\"_blank\" rel=\"noopener noreferrer\">Escuela de Aviaci\u00f3n Militar<\/a>, Comodoro D. Gustavo Alejandro P\u00c9REZ ORT\u00cdZ, acompa\u00f1ado por el Subdirector, Jefes de Grupo del Instituto y de la IV Brigada A\u00e9rea, Personal Militar Superior, Subalterno e invitados especiales.<\/p>\n<p>Es importante destacar que los Oficiales cursantes del CEPAC 2020 realizan la capacitaci\u00f3n en el moderno Sistema de Armas <a href=\"http:\/\/www.eam.iua.edu.ar\/eam\/1-aniversario-de-la-incorporacion-de-los-t-6c-texan-ii-a-la-fuerza-aerea-argentina\/\" target=\"_blank\" rel=\"noopener noreferrer\">T-6C Texan II<\/a> en la Escuela de Aviaci\u00f3n Militar, el cual tambi\u00e9n se utiliza para el CBCPM (Curso B\u00e1sico Conjunto de Piloto Militar).<\/p>\n<p>Posteriormente, el Jefe del Grupo 4 de Caza, Comodoro D. Carlos PESANTE, brind\u00f3 palabras alusivas: \u201cRecibir los pa\u00f1uelos y distintivos del Grupo 4 de Caza, los cuales deber\u00e1n ser ostentados con el honor y orgullo que eso significa, implica la culminaci\u00f3n de una etapa de esfuerzos, de arduas horas de estudio y dedicaci\u00f3n. Ustedes son la sangre joven y renovada que marcar\u00e1 el rumbo a seguir en el corto plazo imitando el proceder de aquellos que dejaron todo por nuestra Patria\u201d.<\/p>\n<p>Luego, se ley\u00f3 la orden de grupo la cual autoriza el uso de pa\u00f1uelos y escudos a los Oficiales Cursantes del CEPAC 2020 y se efectu\u00f3 la entrega de los mismos junto a los diplomas correspondientes.<\/p>\n<p>Por \u00faltimo, los Oficiales cursantes del CEPAC realizaron la tradicional firma del libro de oro del Escuadr\u00f3n 2 T-6C Texan.[\/vc_column_text][\/vc_column][\/vc_row][vc_row][vc_column][vc_text_separator title=\u00bbGaler\u00eda de im\u00e1genes\u00bb i_icon_fontawesome=\u00bbfa fa-camera\u00bb i_color=\u00bbcustom\u00bb color=\u00bborange\u00bb border_width=\u00bb2&#8243; add_icon=\u00bbtrue\u00bb i_custom_color=\u00bb#071333&#8243;][\/vc_column][\/vc_row][vc_row][vc_column][vc_gallery type=\u00bbimage_grid\u00bb images=\u00bb9480,9485,9481,9482,9483,9484,9486,9487,9488&#8243;][\/vc_column][\/vc_row]<\/p>\n","protected":false},"excerpt":{"rendered":"<p>El viernes 15 de mayo se realiz\u00f3 en la plataforma del Grupo A\u00e9reo de la E.A.M., la ceremonia de entrega de distintivos, diplomas y pa\u00f1uelos a Oficiales cursantes del CEPAC (Curso de Estandarizaci\u00f3n de Procedimientos para Aviadores de Combate) que superaron las primeras exigencias del curso y mostraron tener aptitudes necesarias para ser acreedores de los mismos.<\/p>\n","protected":false},"author":6,"featured_media":9484,"comment_status":"closed","ping_status":"closed","sticky":false,"template":"","format":"standard","meta":{"_joinchat":[],"footnotes":""},"categories":[2995],"tags":[2996,122,95,1890,1259,2948,132],"class_list":["post-9478","post","type-post","status-publish","format-standard","has-post-thumbnail","hentry","category-noticias-2","tag-cepac","tag-ceremonias","tag-eam","tag-escuela-de-aviacion-militar","tag-fuerza-aerea-argentina","tag-oficiales","tag-texan-ii"],"_links":{"self":[{"href":"http:\/\/www.eam.iua.edu.ar\/eam\/wp-json\/wp\/v2\/posts\/9478","targetHints":{"allow":["GET"]}}],"collection":[{"href":"http:\/\/www.eam.iua.edu.ar\/eam\/wp-json\/wp\/v2\/posts"}],"about":[{"href":"http:\/\/www.eam.iua.edu.ar\/eam\/wp-json\/wp\/v2\/types\/post"}],"author":[{"embeddable":true,"href":"http:\/\/www.eam.iua.edu.ar\/eam\/wp-json\/wp\/v2\/users\/6"}],"replies":[{"embeddable":true,"href":"http:\/\/www.eam.iua.edu.ar\/eam\/wp-json\/wp\/v2\/comments?post=9478"}],"version-history":[{"count":4,"href":"http:\/\/www.eam.iua.edu.ar\/eam\/wp-json\/wp\/v2\/posts\/9478\/revisions"}],"predecessor-version":[{"id":9491,"href":"http:\/\/www.eam.iua.edu.ar\/eam\/wp-json\/wp\/v2\/posts\/9478\/revisions\/9491"}],"wp:featuredmedia":[{"embeddable":true,"href":"http:\/\/www.eam.iua.edu.ar\/eam\/wp-json\/wp\/v2\/media\/9484"}],"wp:attachment":[{"href":"http:\/\/www.eam.iua.edu.ar\/eam\/wp-json\/wp\/v2\/media?parent=9478"}],"wp:term":[{"taxonomy":"category","embeddable":true,"href":"http:\/\/www.eam.iua.edu.ar\/eam\/wp-json\/wp\/v2\/categories?post=9478"},{"taxonomy":"post_tag","embeddable":true,"href":"http:\/\/www.eam.iua.edu.ar\/eam\/wp-json\/wp\/v2\/tags?post=9478"}],"curies":[{"name":"wp","href":"https:\/\/api.w.org\/{rel}","templated":true}]}}