{"id":9609,"date":"2020-07-29T15:52:33","date_gmt":"2020-07-29T18:52:33","guid":{"rendered":"http:\/\/www.eam.iua.edu.ar\/eam\/?p=9609"},"modified":"2020-07-30T11:35:05","modified_gmt":"2020-07-30T14:35:05","slug":"formate-como-oficial-de-la-fuerza-aerea","status":"publish","type":"post","link":"http:\/\/www.eam.iua.edu.ar\/eam\/formate-como-oficial-de-la-fuerza-aerea\/","title":{"rendered":"Formate como Oficial de la Fuerza A\u00e9rea"},"content":{"rendered":"<p>[vc_row][vc_column]<h4 id=\"lapatria2020\" class=\"sc_title sc_title_regular  sc_align_center\" style=\"text-align:center;\"><\/p>\n<h5>La Patria te necesita<\/h5>\n<p><\/h4><figure class=\"sc_image  sc_image_shape_square\" data-animation=\"animated fadeIn normal\" style=\"width:70%;\"><img decoding=\"async\" src=\"http:\/\/www.eam.iua.edu.ar\/eam\/wp-content\/uploads\/2020\/07\/inscip2020-01.jpg\" alt=\"\" \/><\/figure>[vc_empty_space]<div class=\"sc_dropcaps sc_dropcaps_style_1\" style=\"text-align:justify;\"><span class=\"sc_dropcaps_item\">S<\/span>er oficial <span style=\"font-weight: 400;\">de la Fuerza A\u00e9rea significa capacitarse durante cuatro a\u00f1os en la <\/span><a href=\"http:\/\/www.eam.iua.edu.ar\/eam\/\" target=\"_blank\" rel=\"noopener noreferrer\"><span style=\"font-weight: 400;\">Escuela de Aviaci\u00f3n Militar<\/span><\/a><span style=\"font-weight: 400;\">, bajo un r\u00e9gimen de internado, recibiendo una <\/span><b>formaci\u00f3n integra<\/b><span style=\"font-weight: 400;\">l: educaci\u00f3n de <\/span><a href=\"http:\/\/www.eam.iua.edu.ar\/eam\/formacion-de-cadete\/#planestudios\" target=\"_blank\" rel=\"noopener noreferrer\"><span style=\"font-weight: 400;\">nivel universitario<\/span><\/a><span style=\"font-weight: 400;\">, <\/span><a href=\"http:\/\/www.eam.iua.edu.ar\/eam\/formacion-de-cadete\/#instruccion\" target=\"_blank\" rel=\"noopener noreferrer\"><span style=\"font-weight: 400;\">instrucci\u00f3n militar<\/span><\/a><span style=\"font-weight: 400;\"> bajo los m\u00e1s altos est\u00e1ndares de exigencia y entrenamiento f\u00edsico que una carrera de estas caracter\u00edsticas requiere, organizado en <\/span><a href=\"http:\/\/www.eam.iua.edu.ar\/eam\/formacion-de-cadete\/#vidacadete\" target=\"_blank\" rel=\"noopener noreferrer\"><span style=\"font-weight: 400;\">escuadras deportivas<\/span><\/a><span style=\"font-weight: 400;\">.<\/span><\/div>[vc_empty_space][\/vc_column][\/vc_row][vc_row][vc_column][vc_gallery type=\u00bbimage_grid\u00bb images=\u00bb9710,9711,9712,9713&#8243;][vc_empty_space][vc_column_text]<\/p>\n<blockquote>\n<p style=\"text-align: left; text-transform: capitalize;\">No es para todos, s\u00f3lo para los que tienen verdadera vocaci\u00f3n<\/p>\n<\/blockquote>\n<p>[\/vc_column_text][vc_empty_space][\/vc_column][\/vc_row][vc_row][vc_column][vc_column_text]<\/p>\n<p style=\"text-align: justify;\"><span style=\"font-weight: 400;\">Significa adem\u00e1s <span class=\"sc_highlight sc_highlight_style_1\">adquirir valores y virtudes<\/span><\/span><span style=\"font-weight: 400;\">que van moldeando el esp\u00edritu de los Cadetes, quienes poco a poco van adquiriendo el compromiso de <\/span><a href=\"http:\/\/www.eam.iua.edu.ar\/eam\/eventos\/\"><span style=\"font-weight: 400;\">servir y defender a la Patria<\/span><\/a><span style=\"font-weight: 400;\"> y reflejando el orgullo de portar el uniforme, no solamente durante los desfiles, sino tambi\u00e9n como s\u00edmbolo de su estilo de vida.<\/span><\/p>\n<p>[\/vc_column_text][vc_empty_space]<video class=\"sc_video\" src=\"https:\/\/www.youtube.com\/embed\/6NdbPDwTsuA\" width=\"70%\" height=\"auto\" data-width=\"70%\" data-height=\"auto\" data-ratio=\"16:9\" poster=\"http:\/\/www.eam.iua.edu.ar\/eam\/wp-content\/uploads\/2020\/07\/video-1.png\" data-image=\"http:\/\/www.eam.iua.edu.ar\/eam\/wp-content\/uploads\/2020\/07\/video-1.png\" data-align=\"center\" style=\"margin-bottom:0px;width:70%;height:auto;\" autoplay=\"autoplay\" controls=\"controls\" loop=\"loop\"><\/video>[vc_empty_space][vc_column_text]<\/p>\n<p style=\"text-align: justify;\"><span style=\"font-weight: 400;\">Como Licenciado en Recursos Aeroespaciales para la Defensa (<\/span><a href=\"http:\/\/www.eam.iua.edu.ar\/eam\/wp-content\/uploads\/2017\/10\/RM-524-2013-LICRAD.pdf\" target=\"_blank\" rel=\"noopener noreferrer\"><span style=\"font-weight: 400;\">LICRAD<\/span><\/a><span style=\"font-weight: 400;\">), al egresar del Instituto, el Oficial de la Fuerza A\u00e9rea Argentina contin\u00faa su <\/span><a href=\"http:\/\/www.eam.iua.edu.ar\/eam\/proyeccion-profesional\/\" target=\"_blank\" rel=\"noopener noreferrer\"><span style=\"font-weight: 400;\">proyecci\u00f3n profesional<\/span><\/a><span style=\"font-weight: 400;\"> en una de las diecisiete Especialidades que conforman el Escalaf\u00f3n Aire, T\u00e9cnico y General. La <span class=\"sc_highlight sc_highlight_style_1\">formaci\u00f3n continua<\/span> q<\/span><span style=\"font-weight: 400;\">ue recibe el Oficial durante cada uno de los <a href=\"http:\/\/www.eam.iua.edu.ar\/eam\/wp-content\/uploads\/2017\/10\/tiras-01.jpg\" target=\"_blank\" rel=\"noopener noreferrer\">grados<\/a> que va transcurriendo ser\u00e1 una constante a lo largo de su vida militar.<\/span><\/p>\n<p>[\/vc_column_text][vc_empty_space]<figure class=\"sc_image  sc_image_shape_square\"><img decoding=\"async\" src=\"http:\/\/www.eam.iua.edu.ar\/eam\/wp-content\/uploads\/2020\/07\/especialidades2.jpg\" alt=\"\" \/><\/figure>[vc_empty_space][vc_column_text]<\/p>\n<blockquote>\n<p style=\"text-align: left; text-transform: capitalize;\">Lleg\u00f3 el momento<\/p>\n<\/blockquote>\n<p>[\/vc_column_text][vc_empty_space][\/vc_column][\/vc_row][vc_row][vc_column][vc_column_text]<\/p>\n<p style=\"text-align: justify;\">Hasta el <span style=\"font-weight: 400;\"><span class=\"sc_highlight sc_highlight_style_1\">13 de noviembre<\/span><\/span>\u00a0estar\u00e1n abiertas las inscripciones, que son el primer paso del <a href=\"http:\/\/www.eam.iua.edu.ar\/eam\/pasos-para-incorporarse\/\" target=\"_blank\" rel=\"noopener noreferrer\">proceso de ingreso<\/a>, sigui\u00e9ndole un examen intelectual de cinco materias en diciembre (Matem\u00e1tica, F\u00edsica, Historia, Lengua e Ingl\u00e9s) y un examen definitivo (compuesto por examen m\u00e9dico, aptitud f\u00edsica, entrevista personal, etc.) en el que los candidatos se adaptan a la vida militar, en febrero de 2021.<\/p>\n<p>[\/vc_column_text][vc_empty_space]<figure class=\"sc_image  sc_image_shape_square\"><a href=\"http:\/\/www.eam.iua.edu.ar\/eam\/pasos-para-incorporarse\"><img decoding=\"async\" src=\"http:\/\/www.eam.iua.edu.ar\/eam\/wp-content\/uploads\/2020\/07\/pasos.png\" alt=\"\" \/><\/a><\/figure>[vc_empty_space][vc_column_text]<\/p>\n<p style=\"text-align: justify;\"><span style=\"font-weight: 400;\">M\u00e1s informaci\u00f3n en <\/span><a href=\"http:\/\/www.eam.iua.edu.ar\"><span style=\"font-weight: 400;\">www.eam.iua.edu.ar<\/span><\/a><span style=\"font-weight: 400;\"> o <\/span><a href=\"mailto:incorporacion@eam.iua.edu.ar\"><span style=\"font-weight: 400;\">incorporacion@eam.iua.edu.ar<\/span><\/a><\/p>\n<p>[\/vc_column_text][vc_empty_space][\/vc_column][\/vc_row][vc_row][vc_column]<div id=\"sc_googlemap_1489798375\" class=\"sc_googlemap\" style=\"width:100%;height:340px;\" data-zoom=\"14\" data-style=\"greyscale\"><iframe src=\"https:\/\/maps.google.com\/maps?t=m&output=embed&iwloc=near&z=14&q=Av+Fuerza+A%C3%A9rea+km+6+1%2F2@-31.4386334,-64.2707411\" scrolling=\"no\" marginheight=\"0\" marginwidth=\"0\" frameborder=\"0\" aria-label=\"Escuela de Aviaci\u00f3n Militar\"><\/iframe><\/div>[\/vc_column][\/vc_row][vc_row][vc_column][\/vc_column][\/vc_row]<\/p>\n","protected":false},"excerpt":{"rendered":"<p>[vc_row][vc_column][vc_empty_space][vc_empty_space][\/vc_column][\/vc_row][vc_row][vc_column][vc_gallery type=\u00bbimage_grid\u00bb images=\u00bb9710,9711,9712,9713&#8243;][vc_empty_space][vc_column_text] No es para todos, s\u00f3lo para los que tienen verdadera vocaci\u00f3n [\/vc_column_text][vc_empty_space][\/vc_column][\/vc_row][vc_row][vc_column][vc_column_text] Significa adem\u00e1s que van moldeando el esp\u00edritu de los Cadetes, quienes poco a poco van adquiriendo el compromiso de servir y defender a la Patria y reflejando el orgullo de portar el uniforme, no solamente durante los desfiles, sino tambi\u00e9n [&hellip;]<\/p>\n","protected":false},"author":7,"featured_media":9611,"comment_status":"closed","ping_status":"closed","sticky":false,"template":"","format":"standard","meta":{"_joinchat":[],"footnotes":""},"categories":[2995],"tags":[1890,2650,3008,2645,2644],"class_list":["post-9609","post","type-post","status-publish","format-standard","has-post-thumbnail","hentry","category-noticias-2","tag-escuela-de-aviacion-militar","tag-formate-en-la-eam","tag-ingreso-eam-2021","tag-inscripciones-abiertas","tag-la-patria-te-necesita"],"_links":{"self":[{"href":"http:\/\/www.eam.iua.edu.ar\/eam\/wp-json\/wp\/v2\/posts\/9609","targetHints":{"allow":["GET"]}}],"collection":[{"href":"http:\/\/www.eam.iua.edu.ar\/eam\/wp-json\/wp\/v2\/posts"}],"about":[{"href":"http:\/\/www.eam.iua.edu.ar\/eam\/wp-json\/wp\/v2\/types\/post"}],"author":[{"embeddable":true,"href":"http:\/\/www.eam.iua.edu.ar\/eam\/wp-json\/wp\/v2\/users\/7"}],"replies":[{"embeddable":true,"href":"http:\/\/www.eam.iua.edu.ar\/eam\/wp-json\/wp\/v2\/comments?post=9609"}],"version-history":[{"count":69,"href":"http:\/\/www.eam.iua.edu.ar\/eam\/wp-json\/wp\/v2\/posts\/9609\/revisions"}],"predecessor-version":[{"id":9664,"href":"http:\/\/www.eam.iua.edu.ar\/eam\/wp-json\/wp\/v2\/posts\/9609\/revisions\/9664"}],"wp:featuredmedia":[{"embeddable":true,"href":"http:\/\/www.eam.iua.edu.ar\/eam\/wp-json\/wp\/v2\/media\/9611"}],"wp:attachment":[{"href":"http:\/\/www.eam.iua.edu.ar\/eam\/wp-json\/wp\/v2\/media?parent=9609"}],"wp:term":[{"taxonomy":"category","embeddable":true,"href":"http:\/\/www.eam.iua.edu.ar\/eam\/wp-json\/wp\/v2\/categories?post=9609"},{"taxonomy":"post_tag","embeddable":true,"href":"http:\/\/www.eam.iua.edu.ar\/eam\/wp-json\/wp\/v2\/tags?post=9609"}],"curies":[{"name":"wp","href":"https:\/\/api.w.org\/{rel}","templated":true}]}}